{"id":2166,"date":"2020-05-04T18:03:11","date_gmt":"2020-05-04T21:03:11","guid":{"rendered":"https:\/\/dcc.ufpr.br\/?p=2166"},"modified":"2020-05-04T18:03:11","modified_gmt":"2020-05-04T21:03:11","slug":"consideracoes-sobre-a-previsibilidade-da-resistencia-de-solos-melhorados-com-cimento-e-fibras-de-polipropileno","status":"publish","type":"post","link":"https:\/\/dcc.ufpr.br\/index.php\/2020\/05\/04\/consideracoes-sobre-a-previsibilidade-da-resistencia-de-solos-melhorados-com-cimento-e-fibras-de-polipropileno\/","title":{"rendered":"CONSIDERA\u00c7\u00d5ES SOBRE A PREVISIBILIDADE DA RESIST\u00caNCIA DE SOLOS MELHORADOS COM CIMENTO E FIBRAS DE POLIPROPILENO"},"content":{"rendered":"","protected":false},"excerpt":{"rendered":"","protected":false},"author":28,"featured_media":2168,"comment_status":"closed","ping_status":"closed","sticky":false,"template":"","format":"standard","meta":{"footnotes":""},"categories":[64],"tags":[122,123,121],"class_list":["post-2166","post","type-post","status-publish","format-standard","has-post-thumbnail","hentry","category-tfc_dcc","tag-fibras-de-polipropileno","tag-fundacoes-de-torres-de-transmissao","tag-solos-melhorados"],"aioseo_notices":[],"_links":{"self":[{"href":"https:\/\/dcc.ufpr.br\/index.php\/wp-json\/wp\/v2\/posts\/2166","targetHints":{"allow":["GET"]}}],"collection":[{"href":"https:\/\/dcc.ufpr.br\/index.php\/wp-json\/wp\/v2\/posts"}],"about":[{"href":"https:\/\/dcc.ufpr.br\/index.php\/wp-json\/wp\/v2\/types\/post"}],"author":[{"embeddable":true,"href":"https:\/\/dcc.ufpr.br\/index.php\/wp-json\/wp\/v2\/users\/28"}],"replies":[{"embeddable":true,"href":"https:\/\/dcc.ufpr.br\/index.php\/wp-json\/wp\/v2\/comments?post=2166"}],"version-history":[{"count":1,"href":"https:\/\/dcc.ufpr.br\/index.php\/wp-json\/wp\/v2\/posts\/2166\/revisions"}],"predecessor-version":[{"id":2169,"href":"https:\/\/dcc.ufpr.br\/index.php\/wp-json\/wp\/v2\/posts\/2166\/revisions\/2169"}],"wp:featuredmedia":[{"embeddable":true,"href":"https:\/\/dcc.ufpr.br\/index.php\/wp-json\/wp\/v2\/media\/2168"}],"wp:attachment":[{"href":"https:\/\/dcc.ufpr.br\/index.php\/wp-json\/wp\/v2\/media?parent=2166"}],"wp:term":[{"taxonomy":"category","embeddable":true,"href":"https:\/\/dcc.ufpr.br\/index.php\/wp-json\/wp\/v2\/categories?post=2166"},{"taxonomy":"post_tag","embeddable":true,"href":"https:\/\/dcc.ufpr.br\/index.php\/wp-json\/wp\/v2\/tags?post=2166"}],"curies":[{"name":"wp","href":"https:\/\/api.w.org\/{rel}","templated":true}]}}